{"id":38018,"date":"2026-01-09T08:01:00","date_gmt":"2026-01-09T11:01:00","guid":{"rendered":"https:\/\/www.jnb.org.ar\/jornada\/?p=38018"},"modified":"2026-01-09T11:59:56","modified_gmt":"2026-01-09T14:59:56","slug":"carilo-sera-sede-de-la-43-jornada-notarial-bonaerense","status":"publish","type":"post","link":"https:\/\/www.jnb.org.ar\/jornada\/novedades\/carilo-sera-sede-de-la-43-jornada-notarial-bonaerense-09-01-2026","title":{"rendered":"Sede y fecha confirmadas"},"content":{"rendered":"\n<p>Una vez m\u00e1s, el notariado bonaerense, as\u00ed como los colegas notarios y notarias de otras demarcaciones y los profesionales dedicados al estudio de las materias incluidas en el temario, se dar\u00e1n cita en un nuevo encuentro con la capacitaci\u00f3n, que tal como lo marca la rica historia de nuestra Instituci\u00f3n, representa un objetivo y un compromiso irrenunciable.<\/p>\n\n\n\n<p>Al cumplirse 69 a\u00f1os de la primera cita provincial, que se realizara en la ciudad de Tandil en 1957, el Colegio ha determinado que la sede ser\u00e1 Caril\u00f3, localidad perteneciente al partido de Pinamar y que se encuentra dentro de la demarcaci\u00f3n de la Delegaci\u00f3n Dolores de nuestro Colegio.<\/p>\n\n\n\n<p>Ese \u00e1mbito natural, de particular belleza, recibir\u00e1 a la Jornada Notarial Bonaerense entre el 13 y el 16 de mayo de 2026.<\/p>\n\n\n\n<p><\/p>\n","protected":false},"excerpt":{"rendered":"<p>Una vez m\u00e1s, el notariado bonaerense, as\u00ed como los colegas notarios y notarias de otras demarcaciones y los profesionales dedicados al estudio de las materias incluidas en el temario, se dar\u00e1n cita en un nuevo encuentro con la capacitaci\u00f3n, que tal como lo marca la rica historia de nuestra Instituci\u00f3n, representa un objetivo y un [&hellip;]<\/p>\n","protected":false},"author":6,"featured_media":37988,"comment_status":"closed","ping_status":"closed","sticky":false,"template":"","format":"standard","meta":{"footnotes":""},"categories":[267,10],"tags":[],"noticias":[],"class_list":["post-38018","post","type-post","status-publish","format-standard","has-post-thumbnail","hentry","category-44jnb-novedades","category-novedades"],"acf":[],"_links":{"self":[{"href":"https:\/\/www.jnb.org.ar\/jornada\/wp-json\/wp\/v2\/posts\/38018","targetHints":{"allow":["GET"]}}],"collection":[{"href":"https:\/\/www.jnb.org.ar\/jornada\/wp-json\/wp\/v2\/posts"}],"about":[{"href":"https:\/\/www.jnb.org.ar\/jornada\/wp-json\/wp\/v2\/types\/post"}],"author":[{"embeddable":true,"href":"https:\/\/www.jnb.org.ar\/jornada\/wp-json\/wp\/v2\/users\/6"}],"replies":[{"embeddable":true,"href":"https:\/\/www.jnb.org.ar\/jornada\/wp-json\/wp\/v2\/comments?post=38018"}],"version-history":[{"count":3,"href":"https:\/\/www.jnb.org.ar\/jornada\/wp-json\/wp\/v2\/posts\/38018\/revisions"}],"predecessor-version":[{"id":38441,"href":"https:\/\/www.jnb.org.ar\/jornada\/wp-json\/wp\/v2\/posts\/38018\/revisions\/38441"}],"wp:featuredmedia":[{"embeddable":true,"href":"https:\/\/www.jnb.org.ar\/jornada\/wp-json\/wp\/v2\/media\/37988"}],"wp:attachment":[{"href":"https:\/\/www.jnb.org.ar\/jornada\/wp-json\/wp\/v2\/media?parent=38018"}],"wp:term":[{"taxonomy":"category","embeddable":true,"href":"https:\/\/www.jnb.org.ar\/jornada\/wp-json\/wp\/v2\/categories?post=38018"},{"taxonomy":"post_tag","embeddable":true,"href":"https:\/\/www.jnb.org.ar\/jornada\/wp-json\/wp\/v2\/tags?post=38018"},{"taxonomy":"noticias","embeddable":true,"href":"https:\/\/www.jnb.org.ar\/jornada\/wp-json\/wp\/v2\/noticias?post=38018"}],"curies":[{"name":"wp","href":"https:\/\/api.w.org\/{rel}","templated":true}]}}