{"id":38421,"date":"2026-01-09T09:16:00","date_gmt":"2026-01-09T12:16:00","guid":{"rendered":"https:\/\/www.jnb.org.ar\/jornada\/?p=38421"},"modified":"2026-01-09T12:01:15","modified_gmt":"2026-01-09T15:01:15","slug":"fueron-confirmados-los-temas-y-designados-los-coordinadores-de-la-44jnb","status":"publish","type":"post","link":"https:\/\/www.jnb.org.ar\/jornada\/novedades\/fueron-confirmados-los-temas-y-designados-los-coordinadores-de-la-44jnb-09-01-2026","title":{"rendered":"Coordinadores y subcoordinadores provinciales"},"content":{"rendered":"\n<p>Las autoridades aprobaron la designaci\u00f3n de los colegas que tendr\u00e1n la tarea de coordinar el trabajo de cada uno de los ejes tem\u00e1ticos definidos oportunamente.<\/p>\n\n\n\n<p>Los nombres, as\u00ed como los datos de contacto para aquellos profesionales que est\u00e9n interesados en participar en la elaboraci\u00f3n de aportes, tanto individuales como de equipo, pueden consultarse en el sitio exclusivo de la JNB.<\/p>\n\n\n\n<p>Pr\u00f3ximamente est\u00e1 prevista la difusi\u00f3n de las pautas de trabajo elaboradas por cada una de las coordinaciones, as\u00ed como la determinaci\u00f3n de las fechas de las reuniones preparatorias virtuales, a las que se convocar\u00e1 en forma amplia para asegurar la participaci\u00f3n.<\/p>\n\n\n\n<p>Junto a las pautas, se difundir\u00e1 el detalle de la bibliograf\u00eda de consulta sugerida para cada uno de los temas.<\/p>\n\n\n\n<p><\/p>\n","protected":false},"excerpt":{"rendered":"<p>Las autoridades aprobaron la designaci\u00f3n de los colegas que tendr\u00e1n la tarea de coordinar el trabajo de cada uno de los ejes tem\u00e1ticos definidos oportunamente. Los nombres, as\u00ed como los datos de contacto para aquellos profesionales que est\u00e9n interesados en participar en la elaboraci\u00f3n de aportes, tanto individuales como de equipo, pueden consultarse en el [&hellip;]<\/p>\n","protected":false},"author":6,"featured_media":38426,"comment_status":"closed","ping_status":"closed","sticky":false,"template":"","format":"standard","meta":{"footnotes":""},"categories":[267,10],"tags":[],"noticias":[],"class_list":["post-38421","post","type-post","status-publish","format-standard","has-post-thumbnail","hentry","category-44jnb-novedades","category-novedades"],"acf":[],"_links":{"self":[{"href":"https:\/\/www.jnb.org.ar\/jornada\/wp-json\/wp\/v2\/posts\/38421","targetHints":{"allow":["GET"]}}],"collection":[{"href":"https:\/\/www.jnb.org.ar\/jornada\/wp-json\/wp\/v2\/posts"}],"about":[{"href":"https:\/\/www.jnb.org.ar\/jornada\/wp-json\/wp\/v2\/types\/post"}],"author":[{"embeddable":true,"href":"https:\/\/www.jnb.org.ar\/jornada\/wp-json\/wp\/v2\/users\/6"}],"replies":[{"embeddable":true,"href":"https:\/\/www.jnb.org.ar\/jornada\/wp-json\/wp\/v2\/comments?post=38421"}],"version-history":[{"count":3,"href":"https:\/\/www.jnb.org.ar\/jornada\/wp-json\/wp\/v2\/posts\/38421\/revisions"}],"predecessor-version":[{"id":38442,"href":"https:\/\/www.jnb.org.ar\/jornada\/wp-json\/wp\/v2\/posts\/38421\/revisions\/38442"}],"wp:featuredmedia":[{"embeddable":true,"href":"https:\/\/www.jnb.org.ar\/jornada\/wp-json\/wp\/v2\/media\/38426"}],"wp:attachment":[{"href":"https:\/\/www.jnb.org.ar\/jornada\/wp-json\/wp\/v2\/media?parent=38421"}],"wp:term":[{"taxonomy":"category","embeddable":true,"href":"https:\/\/www.jnb.org.ar\/jornada\/wp-json\/wp\/v2\/categories?post=38421"},{"taxonomy":"post_tag","embeddable":true,"href":"https:\/\/www.jnb.org.ar\/jornada\/wp-json\/wp\/v2\/tags?post=38421"},{"taxonomy":"noticias","embeddable":true,"href":"https:\/\/www.jnb.org.ar\/jornada\/wp-json\/wp\/v2\/noticias?post=38421"}],"curies":[{"name":"wp","href":"https:\/\/api.w.org\/{rel}","templated":true}]}}